{"id":891,"date":"2019-01-20T21:23:34","date_gmt":"2019-01-21T01:23:34","guid":{"rendered":"https:\/\/www.hablax.com\/publicaciones\/?p=891"},"modified":"2022-02-03T15:29:40","modified_gmt":"2022-02-03T19:29:40","slug":"imo-cuba-corta-comunicacion-con-imo-usa","status":"publish","type":"post","link":"https:\/\/www.hablax.com\/publicaciones\/imo-cuba-corta-comunicacion-con-imo-usa\/","title":{"rendered":"IMO corta la comunicaci\u00f3n de los Cubanos con sus familiares en los Estados Unidos"},"content":{"rendered":"\n<h2 class=\"wp-block-heading\"><strong>Nueva actualizaci\u00f3n de IMO Cuba excluye a los usuarios de Estados Unidos de sus&nbsp;contactos<\/strong><\/h2>\n\n\n\n<p><strong>Ahora que los cubanos tienen internet 3g en sus tel\u00e9fonos celulares\ny pueden comunicarse m\u00e1s f\u00e1cilmente con sus familiares, surge un problema con\nIMO, la aplicaci\u00f3n de videollamadas m\u00e1s usada en la isla, que los deja\nincomunicados con los usuarios de Estados Unidos. <\/strong><\/p>\n\n\n\n<p>El pasado Lunes 14 de Enero de 2019, lleg\u00f3 a Cuba la nueva actualizaci\u00f3n de la aplicaci\u00f3n IMO y como es de costumbre, todos los usuarios que la poseen decidieron instalarla para obtener las mejoras y beneficios de la misma. Sin embargo, lo que los cubanos no sab\u00edan, era que la nueva actualizaci\u00f3n los desconectar\u00eda de los contactos o usuarios de los Estados Unidos.<\/p>\n\n\n\n<p>Luego de instalar la actualizaci\u00f3n indicada, los cubanos pudieron notar que el c\u00f3digo de Estados Unidos qued\u00f3 excluido de sus contactos. Por tanto, los chats y contactos norteamericanos desaparecieron de su aplicaci\u00f3n por completo e inesperadamente.<\/p>\n\n\n\n<p>A\u00fan se desconoce la causa por la cual la aplicaci\u00f3n excluy\u00f3 el c\u00f3digo de USA y por ende, a todos los usuarios de los contactos de IMO en Cuba. No obstante, tal raz\u00f3n ha dejado sin comunicaci\u00f3n a miles de cubanos que utilizaban la app para hablar con sus familiares y amigos en los Estados Unidos.<\/p>\n\n\n\n<h2 class=\"wp-block-heading\"><strong>\u00bfQu\u00e9 dice IMO y ETECSA?<\/strong><\/h2>\n\n\n\n<p>Ante las innumerables quejas en los comentarios de la app, IMO solo indica su mensaje &nbsp;predeterminado informando que la opini\u00f3n de sus usuarios es importante para ellos y que verificar\u00e1n el problema.<\/p>\n\n\n\n<p>En cuanto a Etecsa, la empresa si se ha manifestado indicando que el problema es directamente de IMO. Lamentablemente no tienen manera de solventar la situaci\u00f3n.<\/p>\n\n\n\n<p>Ciertamente parece un error de la aplicaci\u00f3n, que esperamos que solventen muy pronto. Verificando la conexi\u00f3n desde otros pa\u00edses hemos podido constatar que los contactos de Estados Unidos tampoco est\u00e1n disponibles para Colombia, Venezuela, Per\u00fa, entre otros y parece que estos usuarios, solo pueden comunicarse internamente con otros usuarios de los Estados Unidos.<\/p>\n\n\n\n<h2 class=\"wp-block-heading\"><strong>Otras alternativas para Videollamadas\nen Cuba<\/strong><strong> <\/strong><\/h2>\n\n\n\n<p>Tomando en cuenta que no tenemos ning\u00fan comentario por parte de IMO que nos haga pensar que pueden solventar la situaci\u00f3n. A continuaci\u00f3n te indicamos varias alternativas de aplicaciones que permiten videollamadas con usuarios de USA.<\/p>\n\n\n\n<p>En primer lugar tenemos WhattsApp como herramienta muy utilizada para mensajer\u00eda instant\u00e1nea en el mundo. Adem\u00e1s esta app permite la conexi\u00f3n por llamada de voz y video de igual forma que lo hace IMO. No obstante, el consumo de datos de WhattsApp es mayor al consumo de IMO, adem\u00e1s que no permite llamadas a trav\u00e9s de una PC de escritorio, sino que se requiere el uso del tel\u00e9fono celular.<\/p>\n\n\n\n<p>En segundo lugar podemos mencionar FaceTime, disponible solo para usuarios iOS. Las videollamadas ofrecen mejor calidad que con whattsapp y pueden ser realizas a trav\u00e9s de tel\u00e9fonos celulares, computadores de escritorio o laptop iOS, iPad o iPod de \u00faltima generaci\u00f3n. El contra en este caso, es que ambos clientes deben tener dispositivos iOS para poder enlazar la comunicaci\u00f3n.<\/p>\n\n\n\n<p>Para finalizar hablemos de Facebook Messenger. El mismo presenta una muy buena calidad de llamada y puede ser utilizado desde dispositivos telef\u00f3nicos, tablets o computadores. El problema de Messenger es que consume 4 veces m\u00e1s datos que las herramientas anteriores. Sin embargo, tiene una alternativa Lite de bajo consumo que puede funcionar, aunque desmejorar\u00e1 un poco la calidad de la llamada. <a href=\"https:\/\/facebook-lite.softonic.com\/android\">https:\/\/facebook-lite.softonic.com\/android<\/a><\/p>\n\n\n\n<h2 class=\"wp-block-heading\"><strong>Soluci\u00f3n&nbsp; para continuar usando IMO&nbsp;Cuba<\/strong><\/h2>\n\n\n\n<p>A pesar de la situaci\u00f3n, una posible manera de continuar\nutilizando la aplicaci\u00f3n IMO, surge de la l\u00f3gica. <\/p>\n\n\n\n<p>Si los usuarios de Estados Unidos solo pueden comunicarse con\nlos usuarios de Estados Unidos, una soluci\u00f3n viable ser\u00eda realizar el registro\nde IMO en Cuba con un n\u00famero virtual norteamericano.<\/p>\n\n\n\n<p>Existen aplicaciones como TextNow que proveen n\u00fameros virtuales\nde Estados Unidos con solo indicar un c\u00f3digo de \u00e1rea local de ese pa\u00eds como por\nejemplo: 305, 736, 508, entre otros.<\/p>\n\n\n\n<p>Al iniciar el registro en IMO utilizando el n\u00famero de Estados\nUnidos, se recibir\u00e1 un c\u00f3digo de confirmaci\u00f3n a trav\u00e9s de la app TextNow que permitir\u00e1\nal usuario completar el registro. Los contactos de Estados Unidos deber\u00e1n\nalmacenar el n\u00famero virtual norteamericano en sus tel\u00e9fonos para que IMO\nrealice el enlace y as\u00ed poder seguir comunic\u00e1ndose a trav\u00e9s de esta aplicaci\u00f3n.<\/p>\n\n\n\n<h2 class=\"wp-block-heading\"><strong>Comun\u00edcate con Hablax<\/strong><\/h2>\n\n\n\n<p>Aunque con Hablax a\u00fan no podemos establecer videollamadas, la aplicaci\u00f3n provee una excelente calidad de llamada de voz, sin redondeo al minuto y con unos muy atractivos especiales de bienvenida.<\/p>\n\n\n\n<p>Adem\u00e1s, la mensajer\u00eda de texto de Hablax tiene un nuevo l\u00edmite ampliado a 300 caracteres por mensaje y sin requerir internet. Los mensajes pueden ser recibidos a trav\u00e9s del email Nauta si as\u00ed lo desea.<\/p>\n\n\n\n<p>Sin problemas para llamar desde Estados Unidos a Cuba, adem\u00e1s de una gran cantidad de pa\u00edses en Am\u00e9rica y Europa, Hablax no s\u00f3lo brinda la posibilidad de comunicaci\u00f3n por llamada y SMS, sino que tambi\u00e9n permite realizar recargas de saldo a celulares cubanos para su uso en llamadas, mensajer\u00eda o compra de paquetes de datos para el servicio de internet 3G desde el exterior. Para m\u00e1s informaci\u00f3n de servicio 3G en Cuba visita nuestro art\u00edculo anterior <strong>Recarga Internet En Cuba: El ABC Del Servicio De Datos 3G<\/strong>. <a href=\"https:\/\/www.hablax.com\/publicaciones\/recarga-internet-cuba\/\">https:\/\/www.hablax.com\/publicaciones\/recarga-internet-cuba\/<\/a> <\/p>\n\n\n\n<p>Para realizar tu registro en Hablax accede a <a href=\"https:\/\/www.hablax.com\/entrada\/\">https:\/\/www.hablax.com\/entrada\/\ufeff<\/a><\/p>\n\n\n\n<p><strong>Fuentes:<\/strong><\/p>\n\n\n\n<p><a href=\"https:\/\/www.elnuevoherald.com\/noticias\/mundo\/america-latina\/cuba-es\/article224571030.html\">https:\/\/www.elnuevoherald.com\/noticias\/mundo\/america-latina\/cuba-es\/article224571030.html<\/a><\/p>\n\n\n\n<p><a href=\"https:\/\/www.prensalibre.com\/vida\/tecnologia\/que-aplicacion-de-mensajeria-consume-mas-datos-moviles\/ \">https:\/\/www.prensalibre.com\/vida\/tecnologia\/que-aplicacion-de-mensajeria-consume-mas-datos-moviles\/ <\/a><\/p>\n\n\n\n<p><strong>Foto:<\/strong><\/p>\n\n\n\n<p>Autor: Carrie Kahn<\/p>\n","protected":false},"excerpt":{"rendered":"<p>Nueva actualizaci\u00f3n de IMO excluye a los usuarios de Estados Unidos de los contactos cubanos\ufeff. Ahora que los cubanos tienen internet 3g en sus tel\u00e9fonos celulares y pueden comunicarse m\u00e1s f\u00e1cilmente con sus familiares, surge un problema con IMO, la aplicaci\u00f3n de videollamadas m\u00e1s usada en la isla, que los deja incomunicados con los usuarios de Estados Unidos. <\/p>\n","protected":false},"author":2,"featured_media":4369,"comment_status":"open","ping_status":"closed","sticky":false,"template":"","format":"standard","meta":{"spay_email":"","footnotes":""},"categories":[921,922,927],"tags":[930,131,132,127,129,34,95,130,128],"acf":[],"yoast_head":"<!-- This site is optimized with the Yoast SEO plugin v18.4.1 - https:\/\/yoast.com\/wordpress\/plugins\/seo\/ -->\n<title>Imo Cuba corta comunicaci\u00f3n con sus usuarios de Estados Unidos<\/title>\n<meta name=\"description\" content=\"Nueva actualizaci\u00f3n de IMO Cuba excluye a los usuarios de Estados Unidos de sus contactos\ufeff. Conoce una posible soluci\u00f3n y otras alternativas de llamadas.\" \/>\n<meta name=\"robots\" content=\"index, follow, max-snippet:-1, max-image-preview:large, max-video-preview:-1\" \/>\n<link rel=\"canonical\" href=\"https:\/\/www.hablax.com\/publicaciones\/imo-cuba-corta-comunicacion-con-imo-usa\/\" \/>\n<meta property=\"og:locale\" content=\"es_ES\" \/>\n<meta property=\"og:type\" content=\"article\" \/>\n<meta property=\"og:title\" content=\"Imo Cuba corta comunicaci\u00f3n con sus usuarios de Estados Unidos\" \/>\n<meta property=\"og:description\" content=\"Nueva actualizaci\u00f3n de IMO Cuba excluye a los usuarios de Estados Unidos de sus contactos\ufeff. Conoce una posible soluci\u00f3n y otras alternativas de llamadas.\" \/>\n<meta property=\"og:url\" content=\"https:\/\/www.hablax.com\/publicaciones\/imo-cuba-corta-comunicacion-con-imo-usa\/\" \/>\n<meta property=\"og:site_name\" content=\"Publicaciones Hablax\" \/>\n<meta property=\"article:published_time\" content=\"2019-01-21T01:23:34+00:00\" \/>\n<meta property=\"article:modified_time\" content=\"2022-02-03T19:29:40+00:00\" \/>\n<meta property=\"og:image\" content=\"https:\/\/www.hablax.com\/publicaciones\/wp-content\/uploads\/2019\/01\/kojo-kwarteng-KUzlAah2dog-unsplash-scaled.jpg\" \/>\n\t<meta property=\"og:image:width\" content=\"2560\" \/>\n\t<meta property=\"og:image:height\" content=\"1707\" \/>\n\t<meta property=\"og:image:type\" content=\"image\/jpeg\" \/>\n<meta name=\"twitter:card\" content=\"summary\" \/>\n<meta name=\"twitter:label1\" content=\"Escrito por\" \/>\n\t<meta name=\"twitter:data1\" content=\"Publicaciones Hablax\" \/>\n\t<meta name=\"twitter:label2\" content=\"Tiempo de lectura\" \/>\n\t<meta name=\"twitter:data2\" content=\"4 minutos\" \/>\n<script type=\"application\/ld+json\" class=\"yoast-schema-graph\">{\"@context\":\"https:\/\/schema.org\",\"@graph\":[{\"@type\":\"WebSite\",\"@id\":\"https:\/\/www.hablax.com\/publicaciones\/#website\",\"url\":\"https:\/\/www.hablax.com\/publicaciones\/\",\"name\":\"Publicaciones Hablax\",\"description\":\"Blog sobre Comunicaciones Internacionales\",\"potentialAction\":[{\"@type\":\"SearchAction\",\"target\":{\"@type\":\"EntryPoint\",\"urlTemplate\":\"https:\/\/www.hablax.com\/publicaciones\/?s={search_term_string}\"},\"query-input\":\"required name=search_term_string\"}],\"inLanguage\":\"es\"},{\"@type\":\"ImageObject\",\"@id\":\"https:\/\/www.hablax.com\/publicaciones\/imo-cuba-corta-comunicacion-con-imo-usa\/#primaryimage\",\"inLanguage\":\"es\",\"url\":\"https:\/\/www.hablax.com\/publicaciones\/wp-content\/uploads\/2019\/01\/kojo-kwarteng-KUzlAah2dog-unsplash-scaled.jpg\",\"contentUrl\":\"https:\/\/www.hablax.com\/publicaciones\/wp-content\/uploads\/2019\/01\/kojo-kwarteng-KUzlAah2dog-unsplash-scaled.jpg\",\"width\":2560,\"height\":1707},{\"@type\":\"WebPage\",\"@id\":\"https:\/\/www.hablax.com\/publicaciones\/imo-cuba-corta-comunicacion-con-imo-usa\/#webpage\",\"url\":\"https:\/\/www.hablax.com\/publicaciones\/imo-cuba-corta-comunicacion-con-imo-usa\/\",\"name\":\"Imo Cuba corta comunicaci\u00f3n con sus usuarios de Estados Unidos\",\"isPartOf\":{\"@id\":\"https:\/\/www.hablax.com\/publicaciones\/#website\"},\"primaryImageOfPage\":{\"@id\":\"https:\/\/www.hablax.com\/publicaciones\/imo-cuba-corta-comunicacion-con-imo-usa\/#primaryimage\"},\"datePublished\":\"2019-01-21T01:23:34+00:00\",\"dateModified\":\"2022-02-03T19:29:40+00:00\",\"author\":{\"@id\":\"https:\/\/www.hablax.com\/publicaciones\/#\/schema\/person\/6f114e2524eef14c642db204f3b85e16\"},\"description\":\"Nueva actualizaci\u00f3n de IMO Cuba excluye a los usuarios de Estados Unidos de sus contactos\ufeff. Conoce una posible soluci\u00f3n y otras alternativas de llamadas.\",\"breadcrumb\":{\"@id\":\"https:\/\/www.hablax.com\/publicaciones\/imo-cuba-corta-comunicacion-con-imo-usa\/#breadcrumb\"},\"inLanguage\":\"es\",\"potentialAction\":[{\"@type\":\"ReadAction\",\"target\":[\"https:\/\/www.hablax.com\/publicaciones\/imo-cuba-corta-comunicacion-con-imo-usa\/\"]}]},{\"@type\":\"BreadcrumbList\",\"@id\":\"https:\/\/www.hablax.com\/publicaciones\/imo-cuba-corta-comunicacion-con-imo-usa\/#breadcrumb\",\"itemListElement\":[{\"@type\":\"ListItem\",\"position\":1,\"name\":\"Home\",\"item\":\"https:\/\/www.hablax.com\/publicaciones\/\"},{\"@type\":\"ListItem\",\"position\":2,\"name\":\"IMO corta la comunicaci\u00f3n de los Cubanos con sus familiares en los Estados Unidos\"}]},{\"@type\":\"Person\",\"@id\":\"https:\/\/www.hablax.com\/publicaciones\/#\/schema\/person\/6f114e2524eef14c642db204f3b85e16\",\"name\":\"Publicaciones Hablax\",\"image\":{\"@type\":\"ImageObject\",\"@id\":\"https:\/\/www.hablax.com\/publicaciones\/#personlogo\",\"inLanguage\":\"es\",\"url\":\"https:\/\/secure.gravatar.com\/avatar\/417e93bffbf9384600794ef4d74e2f85?s=96&d=blank&r=g\",\"contentUrl\":\"https:\/\/secure.gravatar.com\/avatar\/417e93bffbf9384600794ef4d74e2f85?s=96&d=blank&r=g\",\"caption\":\"Publicaciones Hablax\"},\"sameAs\":[\"http:\/\/www.Hablax.com\/publicaciones\"],\"url\":\"https:\/\/www.hablax.com\/publicaciones\/author\/isabel\/\"}]}<\/script>\n<!-- \/ Yoast SEO plugin. -->","yoast_head_json":{"title":"Imo Cuba corta comunicaci\u00f3n con sus usuarios de Estados Unidos","description":"Nueva actualizaci\u00f3n de IMO Cuba excluye a los usuarios de Estados Unidos de sus contactos\ufeff. Conoce una posible soluci\u00f3n y otras alternativas de llamadas.","robots":{"index":"index","follow":"follow","max-snippet":"max-snippet:-1","max-image-preview":"max-image-preview:large","max-video-preview":"max-video-preview:-1"},"canonical":"https:\/\/www.hablax.com\/publicaciones\/imo-cuba-corta-comunicacion-con-imo-usa\/","og_locale":"es_ES","og_type":"article","og_title":"Imo Cuba corta comunicaci\u00f3n con sus usuarios de Estados Unidos","og_description":"Nueva actualizaci\u00f3n de IMO Cuba excluye a los usuarios de Estados Unidos de sus contactos\ufeff. Conoce una posible soluci\u00f3n y otras alternativas de llamadas.","og_url":"https:\/\/www.hablax.com\/publicaciones\/imo-cuba-corta-comunicacion-con-imo-usa\/","og_site_name":"Publicaciones Hablax","article_published_time":"2019-01-21T01:23:34+00:00","article_modified_time":"2022-02-03T19:29:40+00:00","og_image":[{"width":2560,"height":1707,"url":"https:\/\/www.hablax.com\/publicaciones\/wp-content\/uploads\/2019\/01\/kojo-kwarteng-KUzlAah2dog-unsplash-scaled.jpg","type":"image\/jpeg"}],"twitter_card":"summary","twitter_misc":{"Escrito por":"Publicaciones Hablax","Tiempo de lectura":"4 minutos"},"schema":{"@context":"https:\/\/schema.org","@graph":[{"@type":"WebSite","@id":"https:\/\/www.hablax.com\/publicaciones\/#website","url":"https:\/\/www.hablax.com\/publicaciones\/","name":"Publicaciones Hablax","description":"Blog sobre Comunicaciones Internacionales","potentialAction":[{"@type":"SearchAction","target":{"@type":"EntryPoint","urlTemplate":"https:\/\/www.hablax.com\/publicaciones\/?s={search_term_string}"},"query-input":"required name=search_term_string"}],"inLanguage":"es"},{"@type":"ImageObject","@id":"https:\/\/www.hablax.com\/publicaciones\/imo-cuba-corta-comunicacion-con-imo-usa\/#primaryimage","inLanguage":"es","url":"https:\/\/www.hablax.com\/publicaciones\/wp-content\/uploads\/2019\/01\/kojo-kwarteng-KUzlAah2dog-unsplash-scaled.jpg","contentUrl":"https:\/\/www.hablax.com\/publicaciones\/wp-content\/uploads\/2019\/01\/kojo-kwarteng-KUzlAah2dog-unsplash-scaled.jpg","width":2560,"height":1707},{"@type":"WebPage","@id":"https:\/\/www.hablax.com\/publicaciones\/imo-cuba-corta-comunicacion-con-imo-usa\/#webpage","url":"https:\/\/www.hablax.com\/publicaciones\/imo-cuba-corta-comunicacion-con-imo-usa\/","name":"Imo Cuba corta comunicaci\u00f3n con sus usuarios de Estados Unidos","isPartOf":{"@id":"https:\/\/www.hablax.com\/publicaciones\/#website"},"primaryImageOfPage":{"@id":"https:\/\/www.hablax.com\/publicaciones\/imo-cuba-corta-comunicacion-con-imo-usa\/#primaryimage"},"datePublished":"2019-01-21T01:23:34+00:00","dateModified":"2022-02-03T19:29:40+00:00","author":{"@id":"https:\/\/www.hablax.com\/publicaciones\/#\/schema\/person\/6f114e2524eef14c642db204f3b85e16"},"description":"Nueva actualizaci\u00f3n de IMO Cuba excluye a los usuarios de Estados Unidos de sus contactos\ufeff. Conoce una posible soluci\u00f3n y otras alternativas de llamadas.","breadcrumb":{"@id":"https:\/\/www.hablax.com\/publicaciones\/imo-cuba-corta-comunicacion-con-imo-usa\/#breadcrumb"},"inLanguage":"es","potentialAction":[{"@type":"ReadAction","target":["https:\/\/www.hablax.com\/publicaciones\/imo-cuba-corta-comunicacion-con-imo-usa\/"]}]},{"@type":"BreadcrumbList","@id":"https:\/\/www.hablax.com\/publicaciones\/imo-cuba-corta-comunicacion-con-imo-usa\/#breadcrumb","itemListElement":[{"@type":"ListItem","position":1,"name":"Home","item":"https:\/\/www.hablax.com\/publicaciones\/"},{"@type":"ListItem","position":2,"name":"IMO corta la comunicaci\u00f3n de los Cubanos con sus familiares en los Estados Unidos"}]},{"@type":"Person","@id":"https:\/\/www.hablax.com\/publicaciones\/#\/schema\/person\/6f114e2524eef14c642db204f3b85e16","name":"Publicaciones Hablax","image":{"@type":"ImageObject","@id":"https:\/\/www.hablax.com\/publicaciones\/#personlogo","inLanguage":"es","url":"https:\/\/secure.gravatar.com\/avatar\/417e93bffbf9384600794ef4d74e2f85?s=96&d=blank&r=g","contentUrl":"https:\/\/secure.gravatar.com\/avatar\/417e93bffbf9384600794ef4d74e2f85?s=96&d=blank&r=g","caption":"Publicaciones Hablax"},"sameAs":["http:\/\/www.Hablax.com\/publicaciones"],"url":"https:\/\/www.hablax.com\/publicaciones\/author\/isabel\/"}]}},"jetpack_featured_media_url":"https:\/\/www.hablax.com\/publicaciones\/wp-content\/uploads\/2019\/01\/kojo-kwarteng-KUzlAah2dog-unsplash-scaled.jpg","_links":{"self":[{"href":"https:\/\/www.hablax.com\/publicaciones\/wp-json\/wp\/v2\/posts\/891"}],"collection":[{"href":"https:\/\/www.hablax.com\/publicaciones\/wp-json\/wp\/v2\/posts"}],"about":[{"href":"https:\/\/www.hablax.com\/publicaciones\/wp-json\/wp\/v2\/types\/post"}],"author":[{"embeddable":true,"href":"https:\/\/www.hablax.com\/publicaciones\/wp-json\/wp\/v2\/users\/2"}],"replies":[{"embeddable":true,"href":"https:\/\/www.hablax.com\/publicaciones\/wp-json\/wp\/v2\/comments?post=891"}],"version-history":[{"count":1,"href":"https:\/\/www.hablax.com\/publicaciones\/wp-json\/wp\/v2\/posts\/891\/revisions"}],"predecessor-version":[{"id":4370,"href":"https:\/\/www.hablax.com\/publicaciones\/wp-json\/wp\/v2\/posts\/891\/revisions\/4370"}],"wp:featuredmedia":[{"embeddable":true,"href":"https:\/\/www.hablax.com\/publicaciones\/wp-json\/wp\/v2\/media\/4369"}],"wp:attachment":[{"href":"https:\/\/www.hablax.com\/publicaciones\/wp-json\/wp\/v2\/media?parent=891"}],"wp:term":[{"taxonomy":"category","embeddable":true,"href":"https:\/\/www.hablax.com\/publicaciones\/wp-json\/wp\/v2\/categories?post=891"},{"taxonomy":"post_tag","embeddable":true,"href":"https:\/\/www.hablax.com\/publicaciones\/wp-json\/wp\/v2\/tags?post=891"}],"curies":[{"name":"wp","href":"https:\/\/api.w.org\/{rel}","templated":true}]}}