{"id":1624,"date":"2019-11-17T10:00:52","date_gmt":"2019-11-17T14:00:52","guid":{"rendered":"http:\/\/142.93.77.150\/publicaciones\/?p=1624"},"modified":"2019-11-17T10:00:52","modified_gmt":"2019-11-17T14:00:52","slug":"recargas-a-cuba-especial-cubacel","status":"publish","type":"post","link":"https:\/\/www.hablax.com\/publicaciones\/recargas-a-cuba-especial-cubacel\/","title":{"rendered":"Reserva tus recargas a Cuba para el Especial Cubacel con la nueva opci\u00f3n de Hablax"},"content":{"rendered":"\n<p>Ahora puedes reservar tus recargas a Cuba cuando se anuncie un nuevo Especial Cubacel. Esta nueva opci\u00f3n de Hablax est\u00e1 disponible tanto para la App M\u00f3vil como a trav\u00e9s de nuestra plataforma web.<\/p>\n<p>Con esta nueva opci\u00f3n, Hablax pone en tus manos la decisi\u00f3n de enviar o no inmediatamente tus recargas a Cuba. De esta manera, si deseas que tu recarga sea enviada en el momento, no tendr\u00e1s que contactarnos sino que tu recarga ser\u00e1 liberada tan pronto finalices la transacci\u00f3n.<\/p>\n<p>Si por el contrario, deseas que tu recarga sea programada para el d\u00eda del especial, solo tienes que indicarlo al momento de realizar la operaci\u00f3n por la App M\u00f3vil o P\u00e1gina Web.<\/p>\n<h2>\u00bfC\u00f3mo puedo reservar mis recargas a Cuba para el especial Cubacel?<\/h2>\n<p>Reservar tus recargas a Cuba para el siguiente especial Cubacel es muy f\u00e1cil.<\/p>\n<p>Para comenzar, ingresa a la segunda opci\u00f3n del Men\u00fa \u00abEnviar Recarga\u00bb de la manera habitual. Luego, indica el pa\u00eds y n\u00famero a recargar, adem\u00e1s, selecciona el m\u00e9todo de pago.<\/p>\n<p>Antes de procesar el pago, ver\u00e1s una notificaci\u00f3n en tu pantalla que te indicar\u00e1 dos opciones: \u00abEnviar Ahora\u00bb o \u00abReservar Recarga\u00bb. De esta manera, debes escoger la primera si deseas que la recarga sea enviada de inmediato sin el bono del Especial Cubacel.\u00a0<\/p>\n<p>Por otra parte, si deseas que tu recarga ser reservada para el especial y sea enviada al comienzo del mismo con el bono correspondiente a dicho especial, entonces debes escoger la segunda opci\u00f3n.<\/p>\n<p>Es importante que sepas, que la opci\u00f3n solo estar\u00e1 disponible luego de anunciado un nuevo especial Cubacel a trav\u00e9s de nuestros canales habituales.\u00a0<\/p>\n<h2>M\u00e1s beneficios de Hablax para ti<\/h2>\n<p>Si a\u00fan no te has registrado en Hablax, entonces no esperes m\u00e1s y descarga la <a href=\"http:\/\/www.hablax.com\/getapp\"><strong>App<\/strong><\/a> o ingresa a trav\u00e9s de nuestra <a href=\"http:\/\/www.hablax.com\/entrada\"><strong>P\u00e1gina Web<\/strong><\/a>.<\/p>\n<p>Aprovecha nuestra promoci\u00f3n de bienvenida la primera vez que a\u00f1adas fondos para llamadas y SMS. Si a\u00f1ades USD 1 la primera vez, te obsequiaremos USD 2.50 y si a\u00f1ades USD, entonces el regalo por tu primera recarga ser\u00e1 de USD 3.50.<\/p>\n<p>A\u00fan hay mas, si ya est\u00e1s registrado y has consumido al menos una vez, puedes referir a un amigo o familiar en cualquier parte del mundo. As\u00ed, cuando tu amigo o familiar consuma por primera vez, te otorgaremos un bono de USD 3.50. Puedes referir cuantos amigos desees y obtener tu bono cada vez que uno de ellos realice su primera transacci\u00f3n o consumo.<\/p>\n<p>Comun\u00edcate con nuestro equipo de soporte para indicar tu referencia y solicitar tu bono.\u00a0<\/p>\n","protected":false},"excerpt":{"rendered":"<p>Ahora puedes reservar tus recargas a Cuba cuando se anuncie un nuevo Especial Cubacel. Esta nueva opci\u00f3n de Hablax est\u00e1 disponible tanto para la App M\u00f3vil como a trav\u00e9s de nuestra plataforma web.<\/p>\n","protected":false},"author":2,"featured_media":1627,"comment_status":"open","ping_status":"closed","sticky":false,"template":"","format":"standard","meta":{"spay_email":"","footnotes":""},"categories":[922,937],"tags":[179,429,289,144,178,143,141,430],"acf":[],"yoast_head":"<!-- This site is optimized with the Yoast SEO plugin v18.4.1 - https:\/\/yoast.com\/wordpress\/plugins\/seo\/ -->\n<title>Reserva tus Recargas a Cuba para el Especial Cubacel en Hablax<\/title>\n<meta name=\"description\" content=\"Ahora puedes reservar tus Recargas a Cuba para el Especial Cubacel tan pronto el Especial sea anunciado. Reserva a trav\u00e9s del Hablax App o de la p\u00e1gina Web.\" \/>\n<meta name=\"robots\" content=\"index, follow, max-snippet:-1, max-image-preview:large, max-video-preview:-1\" \/>\n<link rel=\"canonical\" href=\"https:\/\/www.hablax.com\/publicaciones\/recargas-a-cuba-especial-cubacel\/\" \/>\n<meta property=\"og:locale\" content=\"es_ES\" \/>\n<meta property=\"og:type\" content=\"article\" \/>\n<meta property=\"og:title\" content=\"Reserva tus Recargas a Cuba para el Especial Cubacel en Hablax\" \/>\n<meta property=\"og:description\" content=\"Ahora puedes reservar tus Recargas a Cuba para el Especial Cubacel tan pronto el Especial sea anunciado. Reserva a trav\u00e9s del Hablax App o de la p\u00e1gina Web.\" \/>\n<meta property=\"og:url\" content=\"https:\/\/www.hablax.com\/publicaciones\/recargas-a-cuba-especial-cubacel\/\" \/>\n<meta property=\"og:site_name\" content=\"Publicaciones Hablax\" \/>\n<meta property=\"article:published_time\" content=\"2019-11-17T14:00:52+00:00\" \/>\n<meta property=\"og:image\" content=\"https:\/\/www.hablax.com\/publicaciones\/wp-content\/uploads\/2019\/11\/recargas-a-cuba-especial-cubacel.jpg\" \/>\n\t<meta property=\"og:image:width\" content=\"1800\" \/>\n\t<meta property=\"og:image:height\" content=\"1200\" \/>\n\t<meta property=\"og:image:type\" content=\"image\/jpeg\" \/>\n<meta name=\"twitter:card\" content=\"summary\" \/>\n<meta name=\"twitter:label1\" content=\"Escrito por\" \/>\n\t<meta name=\"twitter:data1\" content=\"Publicaciones Hablax\" \/>\n\t<meta name=\"twitter:label2\" content=\"Tiempo de lectura\" \/>\n\t<meta name=\"twitter:data2\" content=\"2 minutos\" \/>\n<script type=\"application\/ld+json\" class=\"yoast-schema-graph\">{\"@context\":\"https:\/\/schema.org\",\"@graph\":[{\"@type\":\"WebSite\",\"@id\":\"https:\/\/www.hablax.com\/publicaciones\/#website\",\"url\":\"https:\/\/www.hablax.com\/publicaciones\/\",\"name\":\"Publicaciones Hablax\",\"description\":\"Blog sobre Comunicaciones Internacionales\",\"potentialAction\":[{\"@type\":\"SearchAction\",\"target\":{\"@type\":\"EntryPoint\",\"urlTemplate\":\"https:\/\/www.hablax.com\/publicaciones\/?s={search_term_string}\"},\"query-input\":\"required name=search_term_string\"}],\"inLanguage\":\"es\"},{\"@type\":\"ImageObject\",\"@id\":\"https:\/\/www.hablax.com\/publicaciones\/recargas-a-cuba-especial-cubacel\/#primaryimage\",\"inLanguage\":\"es\",\"url\":\"https:\/\/www.hablax.com\/publicaciones\/wp-content\/uploads\/2019\/11\/recargas-a-cuba-especial-cubacel.jpg\",\"contentUrl\":\"https:\/\/www.hablax.com\/publicaciones\/wp-content\/uploads\/2019\/11\/recargas-a-cuba-especial-cubacel.jpg\",\"width\":1800,\"height\":1200,\"caption\":\"recargas-a-cuba-especial-cubacel\"},{\"@type\":\"WebPage\",\"@id\":\"https:\/\/www.hablax.com\/publicaciones\/recargas-a-cuba-especial-cubacel\/#webpage\",\"url\":\"https:\/\/www.hablax.com\/publicaciones\/recargas-a-cuba-especial-cubacel\/\",\"name\":\"Reserva tus Recargas a Cuba para el Especial Cubacel en Hablax\",\"isPartOf\":{\"@id\":\"https:\/\/www.hablax.com\/publicaciones\/#website\"},\"primaryImageOfPage\":{\"@id\":\"https:\/\/www.hablax.com\/publicaciones\/recargas-a-cuba-especial-cubacel\/#primaryimage\"},\"datePublished\":\"2019-11-17T14:00:52+00:00\",\"dateModified\":\"2019-11-17T14:00:52+00:00\",\"author\":{\"@id\":\"https:\/\/www.hablax.com\/publicaciones\/#\/schema\/person\/6f114e2524eef14c642db204f3b85e16\"},\"description\":\"Ahora puedes reservar tus Recargas a Cuba para el Especial Cubacel tan pronto el Especial sea anunciado. Reserva a trav\u00e9s del Hablax App o de la p\u00e1gina Web.\",\"breadcrumb\":{\"@id\":\"https:\/\/www.hablax.com\/publicaciones\/recargas-a-cuba-especial-cubacel\/#breadcrumb\"},\"inLanguage\":\"es\",\"potentialAction\":[{\"@type\":\"ReadAction\",\"target\":[\"https:\/\/www.hablax.com\/publicaciones\/recargas-a-cuba-especial-cubacel\/\"]}]},{\"@type\":\"BreadcrumbList\",\"@id\":\"https:\/\/www.hablax.com\/publicaciones\/recargas-a-cuba-especial-cubacel\/#breadcrumb\",\"itemListElement\":[{\"@type\":\"ListItem\",\"position\":1,\"name\":\"Home\",\"item\":\"https:\/\/www.hablax.com\/publicaciones\/\"},{\"@type\":\"ListItem\",\"position\":2,\"name\":\"Reserva tus recargas a Cuba para el Especial Cubacel con la nueva opci\u00f3n de Hablax\"}]},{\"@type\":\"Person\",\"@id\":\"https:\/\/www.hablax.com\/publicaciones\/#\/schema\/person\/6f114e2524eef14c642db204f3b85e16\",\"name\":\"Publicaciones Hablax\",\"image\":{\"@type\":\"ImageObject\",\"@id\":\"https:\/\/www.hablax.com\/publicaciones\/#personlogo\",\"inLanguage\":\"es\",\"url\":\"https:\/\/secure.gravatar.com\/avatar\/417e93bffbf9384600794ef4d74e2f85?s=96&d=blank&r=g\",\"contentUrl\":\"https:\/\/secure.gravatar.com\/avatar\/417e93bffbf9384600794ef4d74e2f85?s=96&d=blank&r=g\",\"caption\":\"Publicaciones Hablax\"},\"sameAs\":[\"http:\/\/www.Hablax.com\/publicaciones\"],\"url\":\"https:\/\/www.hablax.com\/publicaciones\/author\/isabel\/\"}]}<\/script>\n<!-- \/ Yoast SEO plugin. -->","yoast_head_json":{"title":"Reserva tus Recargas a Cuba para el Especial Cubacel en Hablax","description":"Ahora puedes reservar tus Recargas a Cuba para el Especial Cubacel tan pronto el Especial sea anunciado. Reserva a trav\u00e9s del Hablax App o de la p\u00e1gina Web.","robots":{"index":"index","follow":"follow","max-snippet":"max-snippet:-1","max-image-preview":"max-image-preview:large","max-video-preview":"max-video-preview:-1"},"canonical":"https:\/\/www.hablax.com\/publicaciones\/recargas-a-cuba-especial-cubacel\/","og_locale":"es_ES","og_type":"article","og_title":"Reserva tus Recargas a Cuba para el Especial Cubacel en Hablax","og_description":"Ahora puedes reservar tus Recargas a Cuba para el Especial Cubacel tan pronto el Especial sea anunciado. Reserva a trav\u00e9s del Hablax App o de la p\u00e1gina Web.","og_url":"https:\/\/www.hablax.com\/publicaciones\/recargas-a-cuba-especial-cubacel\/","og_site_name":"Publicaciones Hablax","article_published_time":"2019-11-17T14:00:52+00:00","og_image":[{"width":1800,"height":1200,"url":"https:\/\/www.hablax.com\/publicaciones\/wp-content\/uploads\/2019\/11\/recargas-a-cuba-especial-cubacel.jpg","type":"image\/jpeg"}],"twitter_card":"summary","twitter_misc":{"Escrito por":"Publicaciones Hablax","Tiempo de lectura":"2 minutos"},"schema":{"@context":"https:\/\/schema.org","@graph":[{"@type":"WebSite","@id":"https:\/\/www.hablax.com\/publicaciones\/#website","url":"https:\/\/www.hablax.com\/publicaciones\/","name":"Publicaciones Hablax","description":"Blog sobre Comunicaciones Internacionales","potentialAction":[{"@type":"SearchAction","target":{"@type":"EntryPoint","urlTemplate":"https:\/\/www.hablax.com\/publicaciones\/?s={search_term_string}"},"query-input":"required name=search_term_string"}],"inLanguage":"es"},{"@type":"ImageObject","@id":"https:\/\/www.hablax.com\/publicaciones\/recargas-a-cuba-especial-cubacel\/#primaryimage","inLanguage":"es","url":"https:\/\/www.hablax.com\/publicaciones\/wp-content\/uploads\/2019\/11\/recargas-a-cuba-especial-cubacel.jpg","contentUrl":"https:\/\/www.hablax.com\/publicaciones\/wp-content\/uploads\/2019\/11\/recargas-a-cuba-especial-cubacel.jpg","width":1800,"height":1200,"caption":"recargas-a-cuba-especial-cubacel"},{"@type":"WebPage","@id":"https:\/\/www.hablax.com\/publicaciones\/recargas-a-cuba-especial-cubacel\/#webpage","url":"https:\/\/www.hablax.com\/publicaciones\/recargas-a-cuba-especial-cubacel\/","name":"Reserva tus Recargas a Cuba para el Especial Cubacel en Hablax","isPartOf":{"@id":"https:\/\/www.hablax.com\/publicaciones\/#website"},"primaryImageOfPage":{"@id":"https:\/\/www.hablax.com\/publicaciones\/recargas-a-cuba-especial-cubacel\/#primaryimage"},"datePublished":"2019-11-17T14:00:52+00:00","dateModified":"2019-11-17T14:00:52+00:00","author":{"@id":"https:\/\/www.hablax.com\/publicaciones\/#\/schema\/person\/6f114e2524eef14c642db204f3b85e16"},"description":"Ahora puedes reservar tus Recargas a Cuba para el Especial Cubacel tan pronto el Especial sea anunciado. Reserva a trav\u00e9s del Hablax App o de la p\u00e1gina Web.","breadcrumb":{"@id":"https:\/\/www.hablax.com\/publicaciones\/recargas-a-cuba-especial-cubacel\/#breadcrumb"},"inLanguage":"es","potentialAction":[{"@type":"ReadAction","target":["https:\/\/www.hablax.com\/publicaciones\/recargas-a-cuba-especial-cubacel\/"]}]},{"@type":"BreadcrumbList","@id":"https:\/\/www.hablax.com\/publicaciones\/recargas-a-cuba-especial-cubacel\/#breadcrumb","itemListElement":[{"@type":"ListItem","position":1,"name":"Home","item":"https:\/\/www.hablax.com\/publicaciones\/"},{"@type":"ListItem","position":2,"name":"Reserva tus recargas a Cuba para el Especial Cubacel con la nueva opci\u00f3n de Hablax"}]},{"@type":"Person","@id":"https:\/\/www.hablax.com\/publicaciones\/#\/schema\/person\/6f114e2524eef14c642db204f3b85e16","name":"Publicaciones Hablax","image":{"@type":"ImageObject","@id":"https:\/\/www.hablax.com\/publicaciones\/#personlogo","inLanguage":"es","url":"https:\/\/secure.gravatar.com\/avatar\/417e93bffbf9384600794ef4d74e2f85?s=96&d=blank&r=g","contentUrl":"https:\/\/secure.gravatar.com\/avatar\/417e93bffbf9384600794ef4d74e2f85?s=96&d=blank&r=g","caption":"Publicaciones Hablax"},"sameAs":["http:\/\/www.Hablax.com\/publicaciones"],"url":"https:\/\/www.hablax.com\/publicaciones\/author\/isabel\/"}]}},"jetpack_featured_media_url":"https:\/\/www.hablax.com\/publicaciones\/wp-content\/uploads\/2019\/11\/recargas-a-cuba-especial-cubacel.jpg","_links":{"self":[{"href":"https:\/\/www.hablax.com\/publicaciones\/wp-json\/wp\/v2\/posts\/1624"}],"collection":[{"href":"https:\/\/www.hablax.com\/publicaciones\/wp-json\/wp\/v2\/posts"}],"about":[{"href":"https:\/\/www.hablax.com\/publicaciones\/wp-json\/wp\/v2\/types\/post"}],"author":[{"embeddable":true,"href":"https:\/\/www.hablax.com\/publicaciones\/wp-json\/wp\/v2\/users\/2"}],"replies":[{"embeddable":true,"href":"https:\/\/www.hablax.com\/publicaciones\/wp-json\/wp\/v2\/comments?post=1624"}],"version-history":[{"count":0,"href":"https:\/\/www.hablax.com\/publicaciones\/wp-json\/wp\/v2\/posts\/1624\/revisions"}],"wp:featuredmedia":[{"embeddable":true,"href":"https:\/\/www.hablax.com\/publicaciones\/wp-json\/wp\/v2\/media\/1627"}],"wp:attachment":[{"href":"https:\/\/www.hablax.com\/publicaciones\/wp-json\/wp\/v2\/media?parent=1624"}],"wp:term":[{"taxonomy":"category","embeddable":true,"href":"https:\/\/www.hablax.com\/publicaciones\/wp-json\/wp\/v2\/categories?post=1624"},{"taxonomy":"post_tag","embeddable":true,"href":"https:\/\/www.hablax.com\/publicaciones\/wp-json\/wp\/v2\/tags?post=1624"}],"curies":[{"name":"wp","href":"https:\/\/api.w.org\/{rel}","templated":true}]}}